[{"@context":"https:\/\/schema.org\/","@type":"Article","@id":"https:\/\/www.krne.sk\/jar-v-dome-ci-byte\/#Article","mainEntityOfPage":"https:\/\/www.krne.sk\/jar-v-dome-ci-byte\/","headline":"Jar v dome \u010di byte","name":"Jar v dome \u010di byte","description":"Pre\u010d so star\u00fdm rokom , privytajme nov\u00fd . V tomto duchu m\u00f4\u017eeme zmeni\u0165 aj svoje b\u00fdvanie ktor\u00e9 m\u00f4\u017eeme prenies\u0165 do jarnej rovnovahy a zmeni\u0165 b\u00fdvanie na nov\u00e9 . Jarn\u00e9 farby a nov\u00fd interi\u00e9r zmen\u00ed v\u00e1\u0161 domov na nepoznanie. \u00a0Farby ktor\u00e9 definuj\u00fa jar \u00a0Zmenit farbu interi\u00e9ru m\u00f4\u017eete prakticky kedyko\u013evek. Ale m\u00f4\u017eete ju zmeni\u0165 aj pod\u013ea ro\u010dn\u00e9ho [&hellip;]","datePublished":"2017-11-03","dateModified":"2017-11-03","author":{"@type":"Person","@id":"https:\/\/www.krne.sk\/author\/#Person","name":"","url":"https:\/\/www.krne.sk\/author\/","identifier":1,"image":{"@type":"ImageObject","@id":"https:\/\/secure.gravatar.com\/avatar\/f08fec9e5d161146672022190172bcb121f980bd7a64f251ea643f4b19d0f071?s=96&d=mm&r=g","url":"https:\/\/secure.gravatar.com\/avatar\/f08fec9e5d161146672022190172bcb121f980bd7a64f251ea643f4b19d0f071?s=96&d=mm&r=g","height":96,"width":96}},"publisher":{"@type":"Organization","name":"krne.sk","logo":{"@type":"ImageObject","@id":"\/logo.png","url":"\/logo.png","width":600,"height":60}},"image":{"@type":"ImageObject","@id":"https:\/\/www.krne.sk\/wp-content\/uploads\/img_a284120_w16466_t1514997887.jpg","url":"https:\/\/www.krne.sk\/wp-content\/uploads\/img_a284120_w16466_t1514997887.jpg","height":0,"width":0},"url":"https:\/\/www.krne.sk\/jar-v-dome-ci-byte\/","wordCount":362,"articleBody":"Pre\u010d so star\u00fdm rokom , privytajme nov\u00fd . V tomto duchu m\u00f4\u017eeme zmeni\u0165 aj svoje b\u00fdvanie ktor\u00e9 m\u00f4\u017eeme prenies\u0165 do jarnej rovnovahy a zmeni\u0165 b\u00fdvanie na nov\u00e9 . Jarn\u00e9 farby a nov\u00fd interi\u00e9r zmen\u00ed v\u00e1\u0161 domov na nepoznanie.\u00a0Farby ktor\u00e9 definuj\u00fa jar \u00a0Zmenit farbu interi\u00e9ru m\u00f4\u017eete prakticky kedyko\u013evek. Ale m\u00f4\u017eete ju zmeni\u0165 aj pod\u013ea ro\u010dn\u00e9ho obdobia. Jarn\u00e9 farby n\u00e1m prinesiu svetlos\u0165 a\u00a0vo\u013enos\u0165a\u00a0\u00fatulnos\u0165 \u00a0do ka\u017edej dom\u00e1cnosti. Medzi jarn\u00e9 farby sa ur\u010dite riadi Zelen\u00e1 , \u017dlt\u00e1 a modr\u00e1 farba , \u010di farby kvet\u00edn napr\u00edklad \u010cerven\u00e1 \u010di ru\u017eov\u00e1. \u00a0\u25cf\u00a0\u00a0\u00a0\u00a0\u00a0\u00a0 \u017dlt\u00e1 farba\u00a0prin\u00e1\u0161a do interi\u00e9ru svetlos\u0165 a celkov\u00fa zladenie do cel\u00e9ho interi\u00e9ru. Dod\u00e1va energiu a rados\u0165 v \u017eivote. Dokonale zladenie prin\u00e1\u0161a taktie\u017e aj dobre c\u00edtenie sa\u00a0 vo va\u0161om domove. \u25cf\u00a0\u00a0\u00a0\u00a0\u00a0\u00a0 Zelen\u00e1je farba zelen\u00e9. Je svetl\u00e1 a dokonale zladuj\u00faca farba ktor\u00e1 o\u017e\u00edva interi\u00e9r a dod\u00e1va radosti v ka\u017edej miestnosti. \u25cf\u00a0\u00a0\u00a0\u00a0\u00a0\u00a0 Modr\u00e1 farba je farba ktor\u00e1 sa viac hod\u00ed do izieb. . Pozn\u00e1me viac odtie\u0148ov\u00a0 tejto farby ale najviac sa preferuje slabo modr\u00e1 ktor\u00e1 dod\u00e1va taktie\u017e dobr\u00fa svetlos\u0165 v interieri a dok\u00e1\u017ee sa zladi\u0165 zo v\u0161etk\u00fdm ,\u010do sa vo va\u0161om interi\u00e9ri nach\u00e1dzaalebo silno modr\u00e1 ktor\u00e1 sa n\u00e1jme preferuje v zimnom obdob\u00ed . \u25cf\u00a0\u00a0\u00a0\u00a0\u00a0\u00a0 Rastline farby teda \u010derven\u00e1 a ru\u017eov\u00e1\u00a0s\u00fa farby ktor\u00e9 zdefinuju exteri\u00e9r do jedn\u00e9ho celku a vytv\u00e1ra pokojn\u00fd a harmonick\u00fd dojem ktor\u00fd V\u00e1s o\u010dar\u00ed. Dokonale zladenie je\u00a0 jednoduch\u00e9 a ve\u013emi praktick\u00e9 , jedna farba dok\u00e1\u017ee vytvori\u0165 efektku \u00a0dokonalosti.Ak chcete zmeni\u0165 svoje b\u00fdvanie na e\u0161te peknej\u0161ie a utulnej\u0161ie prostredie m\u00f4\u017eete sa pohra\u0165 s dokoraciamia\u00a0celkov\u00fdmi farbami ktor\u00e9 v\u00a0interi\u00e9ri m\u00e1te . M\u00f4\u017eetepou\u017ei\u0165 r\u00f4zne okrasn\u00e9 rastliny napr\u00edklad ru\u017ee , tulip\u00e1ny alebo umel\u00e9 kvetiny ktor\u00e9 pekne skr\u00e1\u0161li\u0165 V\u00e1\u0161 domov na jarn\u00e9 b\u00fdvanie v novom \u0161ate. Taktie\u017e m\u00f4\u017eete pou\u017ei\u0165 r\u00f4zne dekor\u00e1cie na spestrenie dom\u00e1cnosti \u010di u\u017e jarn\u00e9 vo\u0148av\u00e9 spreje a zvlh\u010dova\u010de vzduchu , \u010di\u00a0 okrasn\u00e9 deklar\u00e1cie ktor\u00e9 spr\u00edjemnia V\u00e1\u0161 domov.\u00a0                                                                                                                                                                                                                                                                                                                                                                                        4.2\/5 - (4 votes)        "},{"@context":"https:\/\/schema.org\/","@type":"BreadcrumbList","itemListElement":[{"@type":"ListItem","position":1,"name":"Jar v dome \u010di byte","item":"https:\/\/www.krne.sk\/jar-v-dome-ci-byte\/#breadcrumbitem"}]}]